{"id":309,"date":"2025-09-18T15:32:24","date_gmt":"2025-09-18T12:32:24","guid":{"rendered":"https:\/\/lifeced.usv.ro\/?p=309"},"modified":"2026-01-14T16:16:17","modified_gmt":"2026-01-14T14:16:17","slug":"educatie-continua-si-culturala-incluziva-in-regiunea-transfrontaliera-romania-ucraina","status":"publish","type":"post","link":"https:\/\/lifeced.usv.ro\/ro_ro\/2025\/09\/18\/educatie-continua-si-culturala-incluziva-in-regiunea-transfrontaliera-romania-ucraina\/","title":{"rendered":"Educa\u021bie continu\u0103 \u0219i cultural\u0103 incluziv\u0103 \u00een regiunea transfrontalier\u0103 Rom\u00e2nia-Ucraina"},"content":{"rendered":"<p><\/p>\n\n<!--themify_builder_content-->\n<div id=\"themify_builder_content-309\" data-postid=\"309\" class=\"themify_builder_content themify_builder_content-309 themify_builder tf_clear\">\n                    <div  data-lazy=\"1\" class=\"module_row themify_builder_row tb_m8pa305 tb_first tf_w\">\n                        <div class=\"row_inner col_align_top tb_col_count_1 tf_box tf_rel\">\n                        <div  data-lazy=\"1\" class=\"module_column tb-column col-full tb_5jtx305 first\">\n                            <div  data-lazy=\"1\" class=\"module_subrow themify_builder_sub_row tf_w col_align_top tb_col_count_1 tb_gy6c454\">\n                <div  data-lazy=\"1\" class=\"module_column sub_column col-full tb_5ajt454 first\">\n                    <!-- module divider -->\n<div  class=\"module tf_mw module-divider tb_5u93292 solid   \" style=\"border-width: 1px;border-color: #000;\" data-lazy=\"1\">\n    <\/div>\n<!-- \/module divider -->\n<!-- module text -->\n<div  class=\"module module-text tb_t3ec460   \" data-lazy=\"1\">\n        <div  class=\"tb_text_wrap\">\n        <div class=\"module_row themify_builder_row tb_zxkb539 tf_w\">\n<div class=\"row_inner col_align_top tb_col_count_1 tf_box tf_rel\">\n<div class=\"module_column tb-column col-full tb_5xlt540 first\">\n<div class=\"module module-text tb_nzth435\">\n<div class=\"tb_text_wrap\">\n<h3><strong>Cod:\u00a0<span lang=\"EN-GB\">ROUA 00256<\/span><\/strong><\/h3>\n<\/div>\n<\/div>\n<\/div>\n<\/div>\n<\/div>\n<div class=\"module_row themify_builder_row tb_wvj2900 tf_w\">\n<div class=\"row_inner col_align_top tb_col_count_1 tf_box tf_rel\">\n<div class=\"module_column tb-column col-full tb_dxpj901 first\">\n<div class=\"module module-text tb_xvz8533\">\n<div class=\"tb_text_wrap\">\n<h4><em><strong>Parteneri:<\/strong><\/em><\/h4>\n<h4><strong>Universitatea \u201e\u0218tefan cel Mare\u201d din Suceava<\/strong><\/h4>\n<h4><strong>Universitatea Na\u021bional\u0103 de Petrol \u0219i Gaze din Ivano-Frankivsk<\/strong><\/h4>\n<\/div>\n<\/div>\n<\/div>\n<\/div>\n<\/div>    <\/div>\n<\/div>\n<!-- \/module text --><!-- module text -->\n<div  class=\"module module-text tb_bhfx37   \" data-lazy=\"1\">\n        <div  class=\"tb_text_wrap\">\n        <p>Universitatea \u201e\u0218tefan cel Mare\u201d din Suceava, \u00een calitate de lider de proiect, a lansat proiectul \u201eLifelong and Cultural Inclusive Education on the Romanian-Ukrainian Border &#8211; LIFECED\u201d, cod ROUA00256, finan\u021bat prin Programul Interreg VI-A NEXT Rom\u00e2nia\u2013Ucraina, Prioritatea \u201eDezvoltare social\u0103 dincolo de grani\u021be\u201d, Obiectiv specific 2.1: \u201e\u00cembun\u0103t\u0103\u021birea accesului egal la servicii incluzive \u0219i de calitate \u00een educa\u021bie, formare \u0219i \u00eenv\u0103\u021bare pe tot parcursul vie\u021bii\u201d.<\/p>\n<p>Proiectul, derulat \u00een parteneriat cu Universitatea Na\u021bional\u0103 de Petrol \u0219i Gaze din Ivano-Frankivsk, Ucraina, are o durat\u0103 de implementare de 18 luni \u0219i un buget total de 306.786,12 euro, din care 90% reprezint\u0103 finan\u021bare nerambursabil\u0103 din fonduri ale Uniunii Europene, respectiv 276.107,50 euro.<\/p>\n<p>Obiectivul general al proiectului const\u0103 \u00een \u00eembun\u0103t\u0103\u021birea accesului egal la servicii incluzive \u0219i de calitate \u00een domeniul educa\u021biei adul\u021bilor, form\u0103rii \u0219i \u00eenv\u0103\u021b\u0103rii pe tot parcursul vie\u021bii \u00een regiunea transfrontalier\u0103, prin dezvoltarea de cursuri \u0219i produse educa\u021bionale pentru educa\u021bia adul\u021bilor, precum \u0219i a unei infrastructuri accesibile, inclusiv prin promovarea rezilien\u021bei pentru educa\u021bia \u0219i formarea la distan\u021b\u0103 \u0219i on-line.<\/p>    <\/div>\n<\/div>\n<!-- \/module text --><!-- module text -->\n<div  class=\"module module-text tb_humk74   \" data-lazy=\"1\">\n        <div  class=\"tb_text_wrap\">\n        <p>Principalele activit\u0103\u021bi includ:<\/p>\n<ul>\n<li>derularea \u00een comun a \u0219ase cursuri \u2013 <em>Tehnici de g\u00e2ndire critic\u0103 \u00een luarea deciziilor<\/em>, <em>Management de proiect<\/em>, <em>Limba englez\u0103 pentru management de proiect<\/em>, <em>Antreprenoriat \u00een regiunea transfrontalier\u0103<\/em>, <em>Competen\u021be digitale \u0219i poten\u021bialul inteligen\u021bei artificiale<\/em>, <em>Crearea de evenimente \u2013 incubatorul de idei<\/em>;<\/li>\n<li>dezvoltarea \u0219i promovarea a dou\u0103 produse educa\u021bionale <em>Mo\u0219tenire cultural-istoric\u0103<\/em> \u0219i <em>Tradi\u021bii locale \u0219i patrimoniu natural<\/em> destinate persoanelor cu dizabilit\u0103\u021bi sau celor din grupuri dezavantajate pentru care vizitarea diverselor obiective este inaccesibil\u0103;<\/li>\n<li>\u00eenfiin\u021barea unui incubator de abilit\u0103\u021bi interpersonale pentru adul\u021bi;<\/li>\n<\/ul>\n<p>Beneficiarii direc\u021bi sunt angaja\u021bi ai administra\u021biilor locale, institu\u021biilor publice, firmelor \u0219i ai diferitelor organiza\u021bii care doresc s\u0103-\u0219i dezvolte abilit\u0103\u021bile interpersonale dar \u0219i alte persoane interesate de cursurile oferite de proiect; persoane care, din cauza unor dizabilit\u0103\u021bi sau a apartenen\u021bei la grupuri defavorizate, nu beneficiaz\u0103 de acces sau au acces limitat la patrimoniul cultural \u0219i natural al regiunii transfrontaliere.<\/p>    <\/div>\n<\/div>\n<!-- \/module text --><!-- module divider -->\n<div  class=\"module tf_mw module-divider tb_edfs706 solid   \" style=\"border-width: 1px;border-color: #000;\" data-lazy=\"1\">\n    <\/div>\n<!-- \/module divider -->\n<!-- module text -->\n<div  class=\"module module-text tb_mij458   \" data-lazy=\"1\">\n        <div  class=\"tb_text_wrap\">\n        <div class=\"module_row themify_builder_row tb_zxkb539 tf_w\">\n<div class=\"row_inner col_align_top tb_col_count_1 tf_box tf_rel\">\n<div class=\"module_column tb-column col-full tb_5xlt540 first\">\n<div class=\"module module-text tb_nzth435\">\n<div class=\"tb_text_wrap\">\n<div class=\"module module-text tb_m9bk749\">\n<div class=\"tb_text_wrap\">\n<p><strong>Buget total: 306.786,12 euro \/\/ Contribu\u021bia UE: 276.107,50euro<\/strong><\/p>\n<p><strong>Durata proiectului: 22.05.2025-21.11.2026<\/strong><\/p>\n<p><strong>\u00a0<span style=\"font-size: 1em;\">Programul Interreg VI-A NEXT Rom\u00e2nia\u2013Ucraina 2021 &#8211; 2027 este finan\u021bat de Uniunea European\u0103 \u015fi co-finan\u0163at de statele participante \u00een program.<\/span><\/strong><\/p>\n<\/div>\n<\/div>\n<div class=\"module module-text tb_l8ui837\">\n<div class=\"tb_text_wrap\">\n<p><a href=\"http:\/\/www.ro-ua.net\/\"><strong>www.ro-ua.net<\/strong><\/a><\/p>\n<\/div>\n<\/div>\n<div class=\"module module-text tb_cwoy317\">\n<div class=\"tb_text_wrap\">\u00a0<\/div>\n<\/div>\n<\/div>\n<\/div>\n<\/div>\n<\/div>\n<\/div>    <\/div>\n<\/div>\n<!-- \/module text -->        <\/div>\n                    <\/div>\n                <\/div>\n                        <\/div>\n        <\/div>\n        <\/div>\n<!--\/themify_builder_content-->","protected":false},"excerpt":{"rendered":"","protected":false},"author":1,"featured_media":0,"comment_status":"open","ping_status":"open","sticky":false,"template":"","format":"standard","meta":{"footnotes":""},"categories":[1],"tags":[],"class_list":["post-309","post","type-post","status-publish","format-standard","hentry","category-anunturi","has-post-title","has-post-date","has-post-category","has-post-tag","has-post-comment","has-post-author",""],"builder_content":"\n<h3><strong>Cod:\u00a0ROUA 00256<\/strong><\/h3>\n<h4><em><strong>Parteneri:<\/strong><\/em><\/h4> <h4><strong>Universitatea \u201e\u0218tefan cel Mare\u201d din Suceava<\/strong><\/h4> <h4><strong>Universitatea Na\u021bional\u0103 de Petrol \u0219i Gaze din Ivano-Frankivsk<\/strong><\/h4>\n<p>Universitatea \u201e\u0218tefan cel Mare\u201d din Suceava, \u00een calitate de lider de proiect, a lansat proiectul \u201eLifelong and Cultural Inclusive Education on the Romanian-Ukrainian Border - LIFECED\u201d, cod ROUA00256, finan\u021bat prin Programul Interreg VI-A NEXT Rom\u00e2nia\u2013Ucraina, Prioritatea \u201eDezvoltare social\u0103 dincolo de grani\u021be\u201d, Obiectiv specific 2.1: \u201e\u00cembun\u0103t\u0103\u021birea accesului egal la servicii incluzive \u0219i de calitate \u00een educa\u021bie, formare \u0219i \u00eenv\u0103\u021bare pe tot parcursul vie\u021bii\u201d.<\/p> <p>Proiectul, derulat \u00een parteneriat cu Universitatea Na\u021bional\u0103 de Petrol \u0219i Gaze din Ivano-Frankivsk, Ucraina, are o durat\u0103 de implementare de 18 luni \u0219i un buget total de 306.786,12 euro, din care 90% reprezint\u0103 finan\u021bare nerambursabil\u0103 din fonduri ale Uniunii Europene, respectiv 276.107,50 euro.<\/p> <p>Obiectivul general al proiectului const\u0103 \u00een \u00eembun\u0103t\u0103\u021birea accesului egal la servicii incluzive \u0219i de calitate \u00een domeniul educa\u021biei adul\u021bilor, form\u0103rii \u0219i \u00eenv\u0103\u021b\u0103rii pe tot parcursul vie\u021bii \u00een regiunea transfrontalier\u0103, prin dezvoltarea de cursuri \u0219i produse educa\u021bionale pentru educa\u021bia adul\u021bilor, precum \u0219i a unei infrastructuri accesibile, inclusiv prin promovarea rezilien\u021bei pentru educa\u021bia \u0219i formarea la distan\u021b\u0103 \u0219i on-line.<\/p>\n<p>Principalele activit\u0103\u021bi includ:<\/p> <ul> <li>derularea \u00een comun a \u0219ase cursuri \u2013 <em>Tehnici de g\u00e2ndire critic\u0103 \u00een luarea deciziilor<\/em>, <em>Management de proiect<\/em>, <em>Limba englez\u0103 pentru management de proiect<\/em>, <em>Antreprenoriat \u00een regiunea transfrontalier\u0103<\/em>, <em>Competen\u021be digitale \u0219i poten\u021bialul inteligen\u021bei artificiale<\/em>, <em>Crearea de evenimente \u2013 incubatorul de idei<\/em>;<\/li> <li>dezvoltarea \u0219i promovarea a dou\u0103 produse educa\u021bionale <em>Mo\u0219tenire cultural-istoric\u0103<\/em> \u0219i <em>Tradi\u021bii locale \u0219i patrimoniu natural<\/em> destinate persoanelor cu dizabilit\u0103\u021bi sau celor din grupuri dezavantajate pentru care vizitarea diverselor obiective este inaccesibil\u0103;<\/li> <li>\u00eenfiin\u021barea unui incubator de abilit\u0103\u021bi interpersonale pentru adul\u021bi;<\/li> <\/ul> <p>Beneficiarii direc\u021bi sunt angaja\u021bi ai administra\u021biilor locale, institu\u021biilor publice, firmelor \u0219i ai diferitelor organiza\u021bii care doresc s\u0103-\u0219i dezvolte abilit\u0103\u021bile interpersonale dar \u0219i alte persoane interesate de cursurile oferite de proiect; persoane care, din cauza unor dizabilit\u0103\u021bi sau a apartenen\u021bei la grupuri defavorizate, nu beneficiaz\u0103 de acces sau au acces limitat la patrimoniul cultural \u0219i natural al regiunii transfrontaliere.<\/p>\n\n<p><strong>Buget total: 306.786,12 euro \/\/ Contribu\u021bia UE: 276.107,50euro<\/strong><\/p> <p><strong>Durata proiectului: 22.05.2025-21.11.2026<\/strong><\/p> <p><strong>\u00a0Programul Interreg VI-A NEXT Rom\u00e2nia\u2013Ucraina 2021 - 2027 este finan\u021bat de Uniunea European\u0103 \u015fi co-finan\u0163at de statele participante \u00een program.<\/strong><\/p>\n<p><a href=\"http:\/\/www.ro-ua.net\/\"><strong>www.ro-ua.net<\/strong><\/a><\/p>\n\u00a0","_links":{"self":[{"href":"https:\/\/lifeced.usv.ro\/ro_ro\/wp-json\/wp\/v2\/posts\/309","targetHints":{"allow":["GET"]}}],"collection":[{"href":"https:\/\/lifeced.usv.ro\/ro_ro\/wp-json\/wp\/v2\/posts"}],"about":[{"href":"https:\/\/lifeced.usv.ro\/ro_ro\/wp-json\/wp\/v2\/types\/post"}],"author":[{"embeddable":true,"href":"https:\/\/lifeced.usv.ro\/ro_ro\/wp-json\/wp\/v2\/users\/1"}],"replies":[{"embeddable":true,"href":"https:\/\/lifeced.usv.ro\/ro_ro\/wp-json\/wp\/v2\/comments?post=309"}],"version-history":[{"count":22,"href":"https:\/\/lifeced.usv.ro\/ro_ro\/wp-json\/wp\/v2\/posts\/309\/revisions"}],"predecessor-version":[{"id":556,"href":"https:\/\/lifeced.usv.ro\/ro_ro\/wp-json\/wp\/v2\/posts\/309\/revisions\/556"}],"wp:attachment":[{"href":"https:\/\/lifeced.usv.ro\/ro_ro\/wp-json\/wp\/v2\/media?parent=309"}],"wp:term":[{"taxonomy":"category","embeddable":true,"href":"https:\/\/lifeced.usv.ro\/ro_ro\/wp-json\/wp\/v2\/categories?post=309"},{"taxonomy":"post_tag","embeddable":true,"href":"https:\/\/lifeced.usv.ro\/ro_ro\/wp-json\/wp\/v2\/tags?post=309"}],"curies":[{"name":"wp","href":"https:\/\/api.w.org\/{rel}","templated":true}]}}